{"id":2123,"date":"2019-09-01T12:41:21","date_gmt":"2019-09-01T11:41:21","guid":{"rendered":"http:\/\/www.szavaijanos.hu\/?p=2123"},"modified":"2019-09-01T12:41:21","modified_gmt":"2019-09-01T11:41:21","slug":"2123","status":"publish","type":"post","link":"http:\/\/www.szavaijanos.hu\/?p=2123","title":{"rendered":""},"content":{"rendered":"<p>&#8222;A mag\u00e1nszf\u00e9r\u00e1n bel\u00fcl az emberi kapcsolatok, ezt nevezi Aquin\u00f3i Szent Tam\u00e1s i<em>usticia commutativa<\/em>nak, az ut\u00f3bbi \u00e9vekben n\u00e1lunk is dr\u00e1mai m\u00f3don megromlottak. \u00c9rdemes k\u00f6vetni Tam\u00e1s gondolatmenet\u00e9t az okok feltal\u00e1l\u00e1sa \u00e9rdek\u00e9ben. Az \u0151 felfog\u00e1sa szerint a\u00a0<em>iusticia commutativa\u00a0<\/em>egy olyan rendszer r\u00e9sze, melynek k\u00e9t m\u00e1sik eleme a\u00a0<em>iusticia distributiva,\u00a0<\/em>vagyis a hatalom \u00e9s az egy\u00e9n kapcsolata, valamint a\u00a0<em>iusticia regalis,\u00a0<\/em>az egy\u00e9n viszonya a hatalomhoz. Ha ezt korunkra \u00e9s k\u00f6rnyezet\u00fcnkre vonatkoztatjuk, akkor a\u00a0<em>iusticia distributiva<\/em>t illet\u0151en nyilv\u00e1nval\u00f3 a hatalom durv\u00e1n negat\u00edv szerepl\u00e9se \u00e9pp a szem\u00e9ly m\u00e9lt\u00f3s\u00e1g\u00e1hoz n\u00e9lk\u00fcl\u00f6zhetetlen szf\u00e9r\u00e1k, az oktat\u00e1s, az eg\u00e9szs\u00e9g\u00fcgy, a kult\u00fara ellehetetlen\u00edt\u00e9s\u00e9vel. De nem kev\u00e9sb\u00e9 rossz a helyzet a\u00a0<em>iusticia regalis\u00a0<\/em>eset\u00e9ben, amely \u00e9pp azt felt\u00e9telezn\u00e9, hogy az egy\u00e9n a maga \u00e9rdekeinek k\u00e9pvisel\u0151j\u00e9t l\u00e1ssa a hatalom k\u00e9pvisel\u0151iben. 1989-ben n\u00e9h\u00e1ny pillanatig \u00fagy l\u00e1tszott, hogy a kett\u0151, vagyis a\u00a0<em>mi\u00a0<\/em>\u00e9s az\u00a0<em>\u0151k\u00a0<\/em>tal\u00e1lkozik. De a bizalom nem sz\u00fcletett meg, a szakad\u00e1s megint \u00e9ppoly m\u00e9ly, mint a k\u00e9s\u0151totalit\u00e1rius korban. Az egy\u00e9n \u00fagy \u00e9rzi: ellens\u00e9ggel \u00e1ll szemben, m\u00e1s sz\u00f3val feljogos\u00edtva \u00e9rzi mag\u00e1t, hogy ne tartsa be a t\u00f6rv\u00e9nyess\u00e9get a rabl\u00f3k\u00e9nt megjelen\u0151 hatalommal szemben.&#8221;<\/p>\n<p>Id\u00e9zet egy 1996-os nem publik\u00e1lt el\u0151ad\u00e1somb\u00f3l.<\/p>\n","protected":false},"excerpt":{"rendered":"<p>&#8222;A mag\u00e1nszf\u00e9r\u00e1n bel\u00fcl az emberi kapcsolatok, ezt nevezi Aquin\u00f3i Szent Tam\u00e1s iusticia commutativanak, az ut\u00f3bbi \u00e9vekben n\u00e1lunk is dr\u00e1mai m\u00f3don megromlottak. \u00c9rdemes k\u00f6vetni Tam\u00e1s gondolatmenet\u00e9t az okok feltal\u00e1l\u00e1sa \u00e9rdek\u00e9ben. Az \u0151 felfog\u00e1sa szerint a\u00a0iusticia commutativa\u00a0egy olyan rendszer r\u00e9sze, melynek k\u00e9t m\u00e1sik eleme a\u00a0iusticia distributiva,\u00a0vagyis a hatalom \u00e9s az egy\u00e9n kapcsolata, valamint a\u00a0iusticia regalis,\u00a0az egy\u00e9n viszonya [&hellip;]<\/p>\n","protected":false},"author":4,"featured_media":0,"comment_status":"closed","ping_status":"open","sticky":false,"template":"","format":"standard","meta":{"footnotes":""},"categories":[3],"tags":[],"class_list":["post-2123","post","type-post","status-publish","format-standard","hentry","category-link-ajanlo"],"_links":{"self":[{"href":"http:\/\/www.szavaijanos.hu\/index.php?rest_route=\/wp\/v2\/posts\/2123","targetHints":{"allow":["GET"]}}],"collection":[{"href":"http:\/\/www.szavaijanos.hu\/index.php?rest_route=\/wp\/v2\/posts"}],"about":[{"href":"http:\/\/www.szavaijanos.hu\/index.php?rest_route=\/wp\/v2\/types\/post"}],"author":[{"embeddable":true,"href":"http:\/\/www.szavaijanos.hu\/index.php?rest_route=\/wp\/v2\/users\/4"}],"replies":[{"embeddable":true,"href":"http:\/\/www.szavaijanos.hu\/index.php?rest_route=%2Fwp%2Fv2%2Fcomments&post=2123"}],"version-history":[{"count":2,"href":"http:\/\/www.szavaijanos.hu\/index.php?rest_route=\/wp\/v2\/posts\/2123\/revisions"}],"predecessor-version":[{"id":2275,"href":"http:\/\/www.szavaijanos.hu\/index.php?rest_route=\/wp\/v2\/posts\/2123\/revisions\/2275"}],"wp:attachment":[{"href":"http:\/\/www.szavaijanos.hu\/index.php?rest_route=%2Fwp%2Fv2%2Fmedia&parent=2123"}],"wp:term":[{"taxonomy":"category","embeddable":true,"href":"http:\/\/www.szavaijanos.hu\/index.php?rest_route=%2Fwp%2Fv2%2Fcategories&post=2123"},{"taxonomy":"post_tag","embeddable":true,"href":"http:\/\/www.szavaijanos.hu\/index.php?rest_route=%2Fwp%2Fv2%2Ftags&post=2123"}],"curies":[{"name":"wp","href":"https:\/\/api.w.org\/{rel}","templated":true}]}}